{"id":29272,"date":"2025-05-14T12:12:40","date_gmt":"2025-05-14T15:12:40","guid":{"rendered":"https:\/\/inforest.com.ar\/premios-dia-de-la-industria-2024\/"},"modified":"2025-05-14T12:57:03","modified_gmt":"2025-05-14T15:57:03","slug":"premios-dia-de-la-industria-2024","status":"publish","type":"post","link":"https:\/\/inforest.com.ar\/pt-br\/premios-dia-de-la-industria-2024\/","title":{"rendered":"Premios D\u00eda de la Industria 2024"},"content":{"rendered":"\t\t<div data-elementor-type=\"wp-post\" data-elementor-id=\"29272\" class=\"elementor elementor-29272\" data-elementor-post-type=\"post\">\n\t\t\t\t\t\t<section class=\"elementor-section elementor-top-section elementor-element elementor-element-dc4c5b6 elementor-section-full_width elementor-section-height-min-height elementor-section-height-default elementor-section-items-middle\" data-id=\"dc4c5b6\" data-element_type=\"section\" data-e-type=\"section\" data-settings=\"{&quot;background_background&quot;:&quot;classic&quot;}\">\n\t\t\t\t\t\t\t<div class=\"elementor-background-overlay\"><\/div>\n\t\t\t\t\t\t\t<div class=\"elementor-container elementor-column-gap-no\">\n\t\t\t\t\t<div class=\"elementor-column elementor-col-100 elementor-top-column elementor-element elementor-element-2f5d9a7\" data-id=\"2f5d9a7\" data-element_type=\"column\" data-e-type=\"column\">\n\t\t\t<div class=\"elementor-widget-wrap elementor-element-populated\">\n\t\t\t\t\t\t<div class=\"elementor-element elementor-element-b5c91b3 elementor-widget elementor-widget-heading\" data-id=\"b5c91b3\" data-element_type=\"widget\" data-e-type=\"widget\" data-widget_type=\"heading.default\">\n\t\t\t\t<div class=\"elementor-widget-container\">\n\t\t\t\t\t<h2 class=\"elementor-heading-title elementor-size-default\">Premios D\u00eda de la Industria 2024<\/h2>\t\t\t\t<\/div>\n\t\t\t\t<\/div>\n\t\t\t\t\t<\/div>\n\t\t<\/div>\n\t\t\t\t\t<\/div>\n\t\t<\/section>\n\t\t\t\t<section class=\"elementor-section elementor-top-section elementor-element elementor-element-f5dd750 elementor-section-full_width elementor-section-height-default elementor-section-height-default\" data-id=\"f5dd750\" data-element_type=\"section\" data-e-type=\"section\">\n\t\t\t\t\t\t<div class=\"elementor-container elementor-column-gap-default\">\n\t\t\t\t\t<div class=\"elementor-column elementor-col-100 elementor-top-column elementor-element elementor-element-6e316a5\" data-id=\"6e316a5\" data-element_type=\"column\" data-e-type=\"column\">\n\t\t\t<div class=\"elementor-widget-wrap elementor-element-populated\">\n\t\t\t\t\t\t<div class=\"elementor-element elementor-element-dfca21b elementor-widget elementor-widget-heading\" data-id=\"dfca21b\" data-element_type=\"widget\" data-e-type=\"widget\" data-widget_type=\"heading.default\">\n\t\t\t\t<div class=\"elementor-widget-container\">\n\t\t\t\t\t<h2 class=\"elementor-heading-title elementor-size-default\">El pasado 4 de septiembre, en el marco de la celebraci\u00f3n del D\u00eda de la Industria, el Gobierno de la Provincia de C\u00f3rdoba llev\u00f3 a cabo la ceremonia de la 40\u00aa edici\u00f3n de los \u201cPremios D\u00eda de la Industria\u201d. Este evento, realizado en el Teatro Real, tuvo como objetivo destacar el esfuerzo, compromiso y capacidad de los industriales cordobeses en el desarrollo productivo de la regi\u00f3n.\nEn esta edici\u00f3n, fuimos distinguidos con una Menci\u00f3n Especial en la categor\u00eda \u201cDesarrollo Industrial\u201d, un reconocimiento que nos llena de orgullo como empresa y como equipo.<\/h2>\t\t\t\t<\/div>\n\t\t\t\t<\/div>\n\t\t\t\t<div class=\"elementor-element elementor-element-a89e835 elementor-widget-divider--view-line elementor-widget elementor-widget-divider\" data-id=\"a89e835\" data-element_type=\"widget\" data-e-type=\"widget\" data-widget_type=\"divider.default\">\n\t\t\t\t<div class=\"elementor-widget-container\">\n\t\t\t\t\t\t\t<div class=\"elementor-divider\">\n\t\t\t<span class=\"elementor-divider-separator\">\n\t\t\t\t\t\t<\/span>\n\t\t<\/div>\n\t\t\t\t\t\t<\/div>\n\t\t\t\t<\/div>\n\t\t\t\t\t<\/div>\n\t\t<\/div>\n\t\t\t\t\t<\/div>\n\t\t<\/section>\n\t\t\t\t<section class=\"elementor-section elementor-top-section elementor-element elementor-element-d258333 elementor-section-height-min-height elementor-section-items-top elementor-section-boxed elementor-section-height-default\" data-id=\"d258333\" data-element_type=\"section\" data-e-type=\"section\">\n\t\t\t\t\t\t<div class=\"elementor-container elementor-column-gap-wider\">\n\t\t\t\t\t<div class=\"elementor-column elementor-col-50 elementor-top-column elementor-element elementor-element-e59cd45\" data-id=\"e59cd45\" data-element_type=\"column\" data-e-type=\"column\">\n\t\t\t<div class=\"elementor-widget-wrap elementor-element-populated\">\n\t\t\t\t\t\t<div class=\"elementor-element elementor-element-baecb3a elementor-widget elementor-widget-heading\" data-id=\"baecb3a\" data-element_type=\"widget\" data-e-type=\"widget\" data-widget_type=\"heading.default\">\n\t\t\t\t<div class=\"elementor-widget-container\">\n\t\t\t\t\t<h2 class=\"elementor-heading-title elementor-size-default\">Premios D\u00eda de la Industria: Celebrando 40 a\u00f1os de esfuerzo y talento cordob\u00e9s\nEste a\u00f1o, las distinciones fueron otorgadas a empresas y organizaciones de diversos sectores productivos, reconociendo su impacto en el desarrollo econ\u00f3mico y social de la provincia. Los galardonados fueron evaluados por un comit\u00e9 compuesto por representantes del gobierno, universidades, asociaciones empresariales y entidades vinculadas al sector, lo cual garantiza un proceso de selecci\u00f3n riguroso y representativo.\nEntre los galardonados, se otorgaron premios en categor\u00edas como Trayectoria Empresaria, Asociatividad, Calidad, Innovaci\u00f3n, Sostenibilidad Ambiental, y Desarrollo Industrial, siendo en esta \u00faltima categor\u00eda donde nos destacamos, junto a empresas de renombre como Electroingenier\u00eda ICS S.A. y PAUNY S.A., mientras que Volkswagen Argentina S.A. recibi\u00f3 el premio principal.\n<\/h2>\t\t\t\t<\/div>\n\t\t\t\t<\/div>\n\t\t\t\t<div class=\"elementor-element elementor-element-4c16271 elementor-widget elementor-widget-heading\" data-id=\"4c16271\" data-element_type=\"widget\" data-e-type=\"widget\" data-widget_type=\"heading.default\">\n\t\t\t\t<div class=\"elementor-widget-container\">\n\t\t\t\t\t<h2 class=\"elementor-heading-title elementor-size-default\">Un reconocimiento al compromiso y la innovaci\u00f3n\nPara Inforest, recibir esta Menci\u00f3n Especial es un honor que reafirma nuestra dedicaci\u00f3n hacia la mejora constante y la innovaci\u00f3n en el \u00e1mbito del equipamiento para la lucha contra incendios y rescate. Sabemos que el desarrollo industrial no solo implica crecer como empresa, sino tambi\u00e9n contribuir al bienestar de la comunidad y apoyar a quienes trabajan incansablemente para proteger y salvar vidas.\nEste reconocimiento es tambi\u00e9n un reflejo del esfuerzo colectivo de todo nuestro equipo. Cada uno de nuestros colaboradores, desde los dise\u00f1adores hasta los especialistas en producci\u00f3n, comparte la misma pasi\u00f3n por llevar adelante productos de calidad que marquen la diferencia en situaciones de emergencia.<\/h2>\t\t\t\t<\/div>\n\t\t\t\t<\/div>\n\t\t\t\t<div class=\"elementor-element elementor-element-4d8417b elementor-widget elementor-widget-heading\" data-id=\"4d8417b\" data-element_type=\"widget\" data-e-type=\"widget\" data-widget_type=\"heading.default\">\n\t\t\t\t<div class=\"elementor-widget-container\">\n\t\t\t\t\t<h2 class=\"elementor-heading-title elementor-size-default\">Seguimos adelante, siempre comprometidos\nQueremos agradecer profundamente al Gobierno de la Provincia de C\u00f3rdoba y a todas las entidades que formaron parte del proceso de selecci\u00f3n por este reconocimiento. Nos motiva y nos impulsa a seguir adelante, apostando por el desarrollo, la innovaci\u00f3n y la excelencia en cada uno de nuestros proyectos.\nEn Inforest, creemos firmemente que el futuro del desarrollo industrial est\u00e1 en la capacidad de colaborar, innovar y superar juntos los desaf\u00edos que se presentan. Este premio es una muestra de que vamos por el camino correcto, y nos impulsa a seguir trabajando con el mismo compromiso y pasi\u00f3n\u00a0de\u00a0siempre.\"<\/h2>\t\t\t\t<\/div>\n\t\t\t\t<\/div>\n\t\t\t\t\t<\/div>\n\t\t<\/div>\n\t\t\t\t<div class=\"elementor-column elementor-col-50 elementor-top-column elementor-element elementor-element-49ca7d8\" data-id=\"49ca7d8\" data-element_type=\"column\" data-e-type=\"column\">\n\t\t\t<div class=\"elementor-widget-wrap elementor-element-populated\">\n\t\t\t\t\t\t<div class=\"elementor-element elementor-element-fcb3367 elementor-arrows-position-inside elementor-pagination-position-outside elementor-widget elementor-widget-image-carousel\" data-id=\"fcb3367\" data-element_type=\"widget\" data-e-type=\"widget\" data-settings=\"{&quot;slides_to_show&quot;:&quot;1&quot;,&quot;navigation&quot;:&quot;both&quot;,&quot;autoplay&quot;:&quot;yes&quot;,&quot;pause_on_hover&quot;:&quot;yes&quot;,&quot;pause_on_interaction&quot;:&quot;yes&quot;,&quot;autoplay_speed&quot;:5000,&quot;infinite&quot;:&quot;yes&quot;,&quot;effect&quot;:&quot;slide&quot;,&quot;speed&quot;:500}\" data-widget_type=\"image-carousel.default\">\n\t\t\t\t<div class=\"elementor-widget-container\">\n\t\t\t\t\t\t\t<div class=\"elementor-image-carousel-wrapper swiper\" role=\"region\" aria-roledescription=\"carousel\" aria-label=\"Carrusel de im\u00e1genes\" dir=\"ltr\">\n\t\t\t<div class=\"elementor-image-carousel swiper-wrapper swiper-image-stretch\" aria-live=\"off\">\n\t\t\t\t\t\t\t\t<div class=\"swiper-slide\" role=\"group\" aria-roledescription=\"slide\" aria-label=\"1 de 3\"><figure class=\"swiper-slide-inner\"><img decoding=\"async\" class=\"swiper-slide-image\" src=\"https:\/\/inforest.com.ar\/wp-content\/uploads\/2025\/05\/not11.jpg\" alt=\"not11\" \/><\/figure><\/div><div class=\"swiper-slide\" role=\"group\" aria-roledescription=\"slide\" aria-label=\"2 de 3\"><figure class=\"swiper-slide-inner\"><img decoding=\"async\" class=\"swiper-slide-image\" src=\"https:\/\/inforest.com.ar\/wp-content\/uploads\/2025\/05\/not9-1.jpg\" alt=\"not9\" \/><\/figure><\/div><div class=\"swiper-slide\" role=\"group\" aria-roledescription=\"slide\" aria-label=\"3 de 3\"><figure class=\"swiper-slide-inner\"><img decoding=\"async\" class=\"swiper-slide-image\" src=\"https:\/\/inforest.com.ar\/wp-content\/uploads\/2025\/05\/not10.jpg\" alt=\"not10\" \/><\/figure><\/div>\t\t\t<\/div>\n\t\t\t\t\t\t\t\t\t\t\t\t<div class=\"elementor-swiper-button elementor-swiper-button-prev\" role=\"button\" tabindex=\"0\">\n\t\t\t\t\t\t<i aria-hidden=\"true\" class=\"eicon-chevron-left\"><\/i>\t\t\t\t\t<\/div>\n\t\t\t\t\t<div class=\"elementor-swiper-button elementor-swiper-button-next\" role=\"button\" tabindex=\"0\">\n\t\t\t\t\t\t<i aria-hidden=\"true\" class=\"eicon-chevron-right\"><\/i>\t\t\t\t\t<\/div>\n\t\t\t\t\n\t\t\t\t\t\t\t\t\t<div class=\"swiper-pagination\"><\/div>\n\t\t\t\t\t\t\t\t\t<\/div>\n\t\t\t\t\t\t<\/div>\n\t\t\t\t<\/div>\n\t\t\t\t\t<\/div>\n\t\t<\/div>\n\t\t\t\t\t<\/div>\n\t\t<\/section>\n\t\t\t\t<\/div>\n\t\t","protected":false},"excerpt":{"rendered":"<p>Premios D\u00eda de la Industria 2024 El pasado 4 de septiembre, en el marco de la celebraci\u00f3n del D\u00eda de la Industria, el Gobierno de la Provincia de C\u00f3rdoba llev\u00f3 a cabo la ceremonia de la 40\u00aa edici\u00f3n de los \u201cPremios D\u00eda de la Industria\u201d. Este evento, realizado en el Teatro Real, tuvo como objetivo [&hellip;]<\/p>\n","protected":false},"author":1,"featured_media":29108,"comment_status":"closed","ping_status":"open","sticky":false,"template":"elementor_header_footer","format":"standard","meta":{"_acf_changed":false,"footnotes":""},"categories":[731],"tags":[],"class_list":["post-29272","post","type-post","status-publish","format-standard","has-post-thumbnail","hentry","category-noticias-pt-br"],"acf":[],"yoast_head":"<!-- This site is optimized with the Yoast SEO plugin v27.0 - https:\/\/yoast.com\/product\/yoast-seo-wordpress\/ -->\n<title>Premios D\u00eda de la Industria 2024 - Inforest<\/title>\n<meta name=\"robots\" content=\"index, follow, max-snippet:-1, max-image-preview:large, max-video-preview:-1\" \/>\n<link rel=\"canonical\" href=\"https:\/\/inforest.com.ar\/pt-br\/premios-dia-de-la-industria-2024\/\" \/>\n<meta property=\"og:locale\" content=\"pt_BR\" \/>\n<meta property=\"og:type\" content=\"article\" \/>\n<meta property=\"og:title\" content=\"Premios D\u00eda de la Industria 2024 - Inforest\" \/>\n<meta property=\"og:description\" content=\"Premios D\u00eda de la Industria 2024 El pasado 4 de septiembre, en el marco de la celebraci\u00f3n del D\u00eda de la Industria, el Gobierno de la Provincia de C\u00f3rdoba llev\u00f3 a cabo la ceremonia de la 40\u00aa edici\u00f3n de los \u201cPremios D\u00eda de la Industria\u201d. Este evento, realizado en el Teatro Real, tuvo como objetivo [&hellip;]\" \/>\n<meta property=\"og:url\" content=\"https:\/\/inforest.com.ar\/pt-br\/premios-dia-de-la-industria-2024\/\" \/>\n<meta property=\"og:site_name\" content=\"Inforest\" \/>\n<meta property=\"article:published_time\" content=\"2025-05-14T15:12:40+00:00\" \/>\n<meta property=\"article:modified_time\" content=\"2025-05-14T15:57:03+00:00\" \/>\n<meta property=\"og:image\" content=\"https:\/\/inforest.com.ar\/wp-content\/uploads\/2025\/05\/not9.jpg\" \/>\n\t<meta property=\"og:image:width\" content=\"690\" \/>\n\t<meta property=\"og:image:height\" content=\"678\" \/>\n\t<meta property=\"og:image:type\" content=\"image\/jpeg\" \/>\n<meta name=\"author\" content=\"adminInforest\" \/>\n<meta name=\"twitter:card\" content=\"summary_large_image\" \/>\n<meta name=\"twitter:label1\" content=\"Escrito por\" \/>\n\t<meta name=\"twitter:data1\" content=\"adminInforest\" \/>\n\t<meta name=\"twitter:label2\" content=\"Est. tempo de leitura\" \/>\n\t<meta name=\"twitter:data2\" content=\"3 minutos\" \/>\n<script type=\"application\/ld+json\" class=\"yoast-schema-graph\">{\"@context\":\"https:\/\/schema.org\",\"@graph\":[{\"@type\":\"Article\",\"@id\":\"https:\/\/inforest.com.ar\/pt-br\/premios-dia-de-la-industria-2024\/#article\",\"isPartOf\":{\"@id\":\"https:\/\/inforest.com.ar\/pt-br\/premios-dia-de-la-industria-2024\/\"},\"author\":{\"name\":\"adminInforest\",\"@id\":\"https:\/\/inforest.com.ar\/#\/schema\/person\/970070e34aae06cf756ad2322e509ecf\"},\"headline\":\"Premios D\u00eda de la Industria 2024\",\"datePublished\":\"2025-05-14T15:12:40+00:00\",\"dateModified\":\"2025-05-14T15:57:03+00:00\",\"mainEntityOfPage\":{\"@id\":\"https:\/\/inforest.com.ar\/pt-br\/premios-dia-de-la-industria-2024\/\"},\"wordCount\":470,\"publisher\":{\"@id\":\"https:\/\/inforest.com.ar\/#organization\"},\"image\":{\"@id\":\"https:\/\/inforest.com.ar\/pt-br\/premios-dia-de-la-industria-2024\/#primaryimage\"},\"thumbnailUrl\":\"https:\/\/inforest.com.ar\/wp-content\/uploads\/2025\/05\/not9.jpg\",\"articleSection\":[\"Noticias\"],\"inLanguage\":\"pt-BR\"},{\"@type\":\"WebPage\",\"@id\":\"https:\/\/inforest.com.ar\/pt-br\/premios-dia-de-la-industria-2024\/\",\"url\":\"https:\/\/inforest.com.ar\/pt-br\/premios-dia-de-la-industria-2024\/\",\"name\":\"Premios D\u00eda de la Industria 2024 - Inforest\",\"isPartOf\":{\"@id\":\"https:\/\/inforest.com.ar\/#website\"},\"primaryImageOfPage\":{\"@id\":\"https:\/\/inforest.com.ar\/pt-br\/premios-dia-de-la-industria-2024\/#primaryimage\"},\"image\":{\"@id\":\"https:\/\/inforest.com.ar\/pt-br\/premios-dia-de-la-industria-2024\/#primaryimage\"},\"thumbnailUrl\":\"https:\/\/inforest.com.ar\/wp-content\/uploads\/2025\/05\/not9.jpg\",\"datePublished\":\"2025-05-14T15:12:40+00:00\",\"dateModified\":\"2025-05-14T15:57:03+00:00\",\"breadcrumb\":{\"@id\":\"https:\/\/inforest.com.ar\/pt-br\/premios-dia-de-la-industria-2024\/#breadcrumb\"},\"inLanguage\":\"pt-BR\",\"potentialAction\":[{\"@type\":\"ReadAction\",\"target\":[\"https:\/\/inforest.com.ar\/pt-br\/premios-dia-de-la-industria-2024\/\"]}]},{\"@type\":\"ImageObject\",\"inLanguage\":\"pt-BR\",\"@id\":\"https:\/\/inforest.com.ar\/pt-br\/premios-dia-de-la-industria-2024\/#primaryimage\",\"url\":\"https:\/\/inforest.com.ar\/wp-content\/uploads\/2025\/05\/not9.jpg\",\"contentUrl\":\"https:\/\/inforest.com.ar\/wp-content\/uploads\/2025\/05\/not9.jpg\",\"width\":690,\"height\":678},{\"@type\":\"BreadcrumbList\",\"@id\":\"https:\/\/inforest.com.ar\/pt-br\/premios-dia-de-la-industria-2024\/#breadcrumb\",\"itemListElement\":[{\"@type\":\"ListItem\",\"position\":1,\"name\":\"Portada\",\"item\":\"https:\/\/inforest.com.ar\/pt-br\/\"},{\"@type\":\"ListItem\",\"position\":2,\"name\":\"Premios D\u00eda de la Industria 2024\"}]},{\"@type\":\"WebSite\",\"@id\":\"https:\/\/inforest.com.ar\/#website\",\"url\":\"https:\/\/inforest.com.ar\/\",\"name\":\"Inforest\",\"description\":\"L\u00edderes en Equipamientos para Incendios Forestales\",\"publisher\":{\"@id\":\"https:\/\/inforest.com.ar\/#organization\"},\"potentialAction\":[{\"@type\":\"SearchAction\",\"target\":{\"@type\":\"EntryPoint\",\"urlTemplate\":\"https:\/\/inforest.com.ar\/?s={search_term_string}\"},\"query-input\":{\"@type\":\"PropertyValueSpecification\",\"valueRequired\":true,\"valueName\":\"search_term_string\"}}],\"inLanguage\":\"pt-BR\"},{\"@type\":\"Organization\",\"@id\":\"https:\/\/inforest.com.ar\/#organization\",\"name\":\"Inforest\",\"url\":\"https:\/\/inforest.com.ar\/\",\"logo\":{\"@type\":\"ImageObject\",\"inLanguage\":\"pt-BR\",\"@id\":\"https:\/\/inforest.com.ar\/#\/schema\/logo\/image\/\",\"url\":\"https:\/\/inforest.com.ar\/wp-content\/uploads\/2022\/05\/logoinfo.svg\",\"contentUrl\":\"https:\/\/inforest.com.ar\/wp-content\/uploads\/2022\/05\/logoinfo.svg\",\"width\":118,\"height\":20,\"caption\":\"Inforest\"},\"image\":{\"@id\":\"https:\/\/inforest.com.ar\/#\/schema\/logo\/image\/\"}},{\"@type\":\"Person\",\"@id\":\"https:\/\/inforest.com.ar\/#\/schema\/person\/970070e34aae06cf756ad2322e509ecf\",\"name\":\"adminInforest\",\"image\":{\"@type\":\"ImageObject\",\"inLanguage\":\"pt-BR\",\"@id\":\"https:\/\/inforest.com.ar\/#\/schema\/person\/image\/\",\"url\":\"https:\/\/secure.gravatar.com\/avatar\/42ad2b95f46b119c826372e3bfa0ae6e75e815d6a1788057e051a16cbb9ef734?s=96&d=mm&r=g\",\"contentUrl\":\"https:\/\/secure.gravatar.com\/avatar\/42ad2b95f46b119c826372e3bfa0ae6e75e815d6a1788057e051a16cbb9ef734?s=96&d=mm&r=g\",\"caption\":\"adminInforest\"},\"url\":\"https:\/\/inforest.com.ar\/pt-br\/author\/admininforest\/\"}]}<\/script>\n<!-- \/ Yoast SEO plugin. -->","yoast_head_json":{"title":"Premios D\u00eda de la Industria 2024 - Inforest","robots":{"index":"index","follow":"follow","max-snippet":"max-snippet:-1","max-image-preview":"max-image-preview:large","max-video-preview":"max-video-preview:-1"},"canonical":"https:\/\/inforest.com.ar\/pt-br\/premios-dia-de-la-industria-2024\/","og_locale":"pt_BR","og_type":"article","og_title":"Premios D\u00eda de la Industria 2024 - Inforest","og_description":"Premios D\u00eda de la Industria 2024 El pasado 4 de septiembre, en el marco de la celebraci\u00f3n del D\u00eda de la Industria, el Gobierno de la Provincia de C\u00f3rdoba llev\u00f3 a cabo la ceremonia de la 40\u00aa edici\u00f3n de los \u201cPremios D\u00eda de la Industria\u201d. Este evento, realizado en el Teatro Real, tuvo como objetivo [&hellip;]","og_url":"https:\/\/inforest.com.ar\/pt-br\/premios-dia-de-la-industria-2024\/","og_site_name":"Inforest","article_published_time":"2025-05-14T15:12:40+00:00","article_modified_time":"2025-05-14T15:57:03+00:00","og_image":[{"width":690,"height":678,"url":"https:\/\/inforest.com.ar\/wp-content\/uploads\/2025\/05\/not9.jpg","type":"image\/jpeg"}],"author":"adminInforest","twitter_card":"summary_large_image","twitter_misc":{"Escrito por":"adminInforest","Est. tempo de leitura":"3 minutos"},"schema":{"@context":"https:\/\/schema.org","@graph":[{"@type":"Article","@id":"https:\/\/inforest.com.ar\/pt-br\/premios-dia-de-la-industria-2024\/#article","isPartOf":{"@id":"https:\/\/inforest.com.ar\/pt-br\/premios-dia-de-la-industria-2024\/"},"author":{"name":"adminInforest","@id":"https:\/\/inforest.com.ar\/#\/schema\/person\/970070e34aae06cf756ad2322e509ecf"},"headline":"Premios D\u00eda de la Industria 2024","datePublished":"2025-05-14T15:12:40+00:00","dateModified":"2025-05-14T15:57:03+00:00","mainEntityOfPage":{"@id":"https:\/\/inforest.com.ar\/pt-br\/premios-dia-de-la-industria-2024\/"},"wordCount":470,"publisher":{"@id":"https:\/\/inforest.com.ar\/#organization"},"image":{"@id":"https:\/\/inforest.com.ar\/pt-br\/premios-dia-de-la-industria-2024\/#primaryimage"},"thumbnailUrl":"https:\/\/inforest.com.ar\/wp-content\/uploads\/2025\/05\/not9.jpg","articleSection":["Noticias"],"inLanguage":"pt-BR"},{"@type":"WebPage","@id":"https:\/\/inforest.com.ar\/pt-br\/premios-dia-de-la-industria-2024\/","url":"https:\/\/inforest.com.ar\/pt-br\/premios-dia-de-la-industria-2024\/","name":"Premios D\u00eda de la Industria 2024 - Inforest","isPartOf":{"@id":"https:\/\/inforest.com.ar\/#website"},"primaryImageOfPage":{"@id":"https:\/\/inforest.com.ar\/pt-br\/premios-dia-de-la-industria-2024\/#primaryimage"},"image":{"@id":"https:\/\/inforest.com.ar\/pt-br\/premios-dia-de-la-industria-2024\/#primaryimage"},"thumbnailUrl":"https:\/\/inforest.com.ar\/wp-content\/uploads\/2025\/05\/not9.jpg","datePublished":"2025-05-14T15:12:40+00:00","dateModified":"2025-05-14T15:57:03+00:00","breadcrumb":{"@id":"https:\/\/inforest.com.ar\/pt-br\/premios-dia-de-la-industria-2024\/#breadcrumb"},"inLanguage":"pt-BR","potentialAction":[{"@type":"ReadAction","target":["https:\/\/inforest.com.ar\/pt-br\/premios-dia-de-la-industria-2024\/"]}]},{"@type":"ImageObject","inLanguage":"pt-BR","@id":"https:\/\/inforest.com.ar\/pt-br\/premios-dia-de-la-industria-2024\/#primaryimage","url":"https:\/\/inforest.com.ar\/wp-content\/uploads\/2025\/05\/not9.jpg","contentUrl":"https:\/\/inforest.com.ar\/wp-content\/uploads\/2025\/05\/not9.jpg","width":690,"height":678},{"@type":"BreadcrumbList","@id":"https:\/\/inforest.com.ar\/pt-br\/premios-dia-de-la-industria-2024\/#breadcrumb","itemListElement":[{"@type":"ListItem","position":1,"name":"Portada","item":"https:\/\/inforest.com.ar\/pt-br\/"},{"@type":"ListItem","position":2,"name":"Premios D\u00eda de la Industria 2024"}]},{"@type":"WebSite","@id":"https:\/\/inforest.com.ar\/#website","url":"https:\/\/inforest.com.ar\/","name":"Inforest","description":"L\u00edderes en Equipamientos para Incendios Forestales","publisher":{"@id":"https:\/\/inforest.com.ar\/#organization"},"potentialAction":[{"@type":"SearchAction","target":{"@type":"EntryPoint","urlTemplate":"https:\/\/inforest.com.ar\/?s={search_term_string}"},"query-input":{"@type":"PropertyValueSpecification","valueRequired":true,"valueName":"search_term_string"}}],"inLanguage":"pt-BR"},{"@type":"Organization","@id":"https:\/\/inforest.com.ar\/#organization","name":"Inforest","url":"https:\/\/inforest.com.ar\/","logo":{"@type":"ImageObject","inLanguage":"pt-BR","@id":"https:\/\/inforest.com.ar\/#\/schema\/logo\/image\/","url":"https:\/\/inforest.com.ar\/wp-content\/uploads\/2022\/05\/logoinfo.svg","contentUrl":"https:\/\/inforest.com.ar\/wp-content\/uploads\/2022\/05\/logoinfo.svg","width":118,"height":20,"caption":"Inforest"},"image":{"@id":"https:\/\/inforest.com.ar\/#\/schema\/logo\/image\/"}},{"@type":"Person","@id":"https:\/\/inforest.com.ar\/#\/schema\/person\/970070e34aae06cf756ad2322e509ecf","name":"adminInforest","image":{"@type":"ImageObject","inLanguage":"pt-BR","@id":"https:\/\/inforest.com.ar\/#\/schema\/person\/image\/","url":"https:\/\/secure.gravatar.com\/avatar\/42ad2b95f46b119c826372e3bfa0ae6e75e815d6a1788057e051a16cbb9ef734?s=96&d=mm&r=g","contentUrl":"https:\/\/secure.gravatar.com\/avatar\/42ad2b95f46b119c826372e3bfa0ae6e75e815d6a1788057e051a16cbb9ef734?s=96&d=mm&r=g","caption":"adminInforest"},"url":"https:\/\/inforest.com.ar\/pt-br\/author\/admininforest\/"}]}},"_links":{"self":[{"href":"https:\/\/inforest.com.ar\/pt-br\/wp-json\/wp\/v2\/posts\/29272","targetHints":{"allow":["GET"]}}],"collection":[{"href":"https:\/\/inforest.com.ar\/pt-br\/wp-json\/wp\/v2\/posts"}],"about":[{"href":"https:\/\/inforest.com.ar\/pt-br\/wp-json\/wp\/v2\/types\/post"}],"author":[{"embeddable":true,"href":"https:\/\/inforest.com.ar\/pt-br\/wp-json\/wp\/v2\/users\/1"}],"replies":[{"embeddable":true,"href":"https:\/\/inforest.com.ar\/pt-br\/wp-json\/wp\/v2\/comments?post=29272"}],"version-history":[{"count":1,"href":"https:\/\/inforest.com.ar\/pt-br\/wp-json\/wp\/v2\/posts\/29272\/revisions"}],"predecessor-version":[{"id":29273,"href":"https:\/\/inforest.com.ar\/pt-br\/wp-json\/wp\/v2\/posts\/29272\/revisions\/29273"}],"wp:featuredmedia":[{"embeddable":true,"href":"https:\/\/inforest.com.ar\/pt-br\/wp-json\/wp\/v2\/media\/29108"}],"wp:attachment":[{"href":"https:\/\/inforest.com.ar\/pt-br\/wp-json\/wp\/v2\/media?parent=29272"}],"wp:term":[{"taxonomy":"category","embeddable":true,"href":"https:\/\/inforest.com.ar\/pt-br\/wp-json\/wp\/v2\/categories?post=29272"},{"taxonomy":"post_tag","embeddable":true,"href":"https:\/\/inforest.com.ar\/pt-br\/wp-json\/wp\/v2\/tags?post=29272"}],"curies":[{"name":"wp","href":"https:\/\/api.w.org\/{rel}","templated":true}]}}